{"id":1410,"date":"2017-12-22T21:59:54","date_gmt":"2017-12-22T21:59:54","guid":{"rendered":"http:\/\/www.fvtm.org\/es\/?p=1410"},"modified":"2017-12-22T22:16:12","modified_gmt":"2017-12-22T22:16:12","slug":"gala-navidena-fundacion-basque-team","status":"publish","type":"post","link":"https:\/\/www.fvtm.org\/es\/index.php\/2017\/12\/22\/gala-navidena-fundacion-basque-team\/","title":{"rendered":"<br> GALA NAVIDE\u00d1A FUNDACI\u00d3N BASQUE TEAM"},"content":{"rendered":"<img loading=\"lazy\" decoding=\"async\" src=\"http:\/\/www.fvtm.org\/es\/wp-content\/uploads\/2017\/12\/BAT-1024x683.jpg\" alt=\"\" width=\"1024\" height=\"683\" class=\"alignnone size-large wp-image-1413\" srcset=\"https:\/\/www.fvtm.org\/es\/wp-content\/uploads\/2017\/12\/BAT-1024x683.jpg 1024w, https:\/\/www.fvtm.org\/es\/wp-content\/uploads\/2017\/12\/BAT-300x200.jpg 300w, https:\/\/www.fvtm.org\/es\/wp-content\/uploads\/2017\/12\/BAT-768x512.jpg 768w\" sizes=\"auto, (max-width: 1024px) 100vw, 1024px\" \/>\r\n\r\n\r\n<p align=\"CENTER\"><span style=\"font-family: Times, serif;\"><span style=\"font-size: large;\"><b>LA FUNDACI\u00d3N BASQUE TEAM CELEBR\u00d3 AYER\u00a0SU D\u00c9CIMO ANIVERSARIO EN UNA GALA NAVIDE\u00d1A EN LA QUE PRESENT\u00d3\u00a0TAMBI\u00c9N SUS PR\u00d3XIMOS PROYECTOS <\/b><\/span><\/span><\/p>\r\n<b>En el acto, que cont\u00f3\u00a0con muchos de los deportistas becados por la Fundaci\u00f3n durante estos a\u00f1os, se present\u00f3\u00a0un nuevo proyecto relacionado con el \u00e1mbito empresarial y educacional llamado #BaloreetanBAT y uno de los grandes objetivos de esta temporada: los Juegos de Invierno de PyeongChang2018<br>\r\n<br>\r\nLa gala estuvo\u00a0presidida por el consejero de Cultura y Pol\u00edtica Ling\u00fc\u00edstica del Gobierno Vasco Bingen Zupiria, quien ha estado acompa\u00f1ado por el director de Actividad F\u00edsica y Deporte del Gobierno Vasco Jon Redondo, por la directora de EiTB y vicepresidenta de la Fundaci\u00f3n Maite Iturbe y por la coordinadora de Basque Team Olatz Legarza\u00a0<\/b><br>\r\n<br>\r\n<u>Bilbao, 21\u00a0de diciembre de 2017<\/u>. La fundaci\u00f3n Basque Team congreg\u00f3\u00a0a muchos de sus deportistas, adem\u00e1s de representantes del mundo empresarial e institucional, en su gala navide\u00f1a celebrada en la sala Multibox de la sede de EiTB en Bilbao. Al acto acudieron\u00a0m\u00e1s de 250 invitados, incluyendo t\u00e9cnicos, representantes de las diferentes federaciones y patrocinadores unidos a la fundaci\u00f3n durante estos diez a\u00f1os.<br>\r\n<br>\r\nLa celebraci\u00f3n\u00a0dio\u00a0comienzo con un bloque dedicado al d\u00e9cimo aniversario de Basque Team. Una coreograf\u00eda preparada\u00a0especialmente para la ocasi\u00f3n por el grupo de danza \u2018Haatik\u2019, acompa\u00f1ada por una pieza audiovisual, destac\u00f3\u00a0todo lo que ha brotado de esa semilla que se sembr\u00f3 hace diez a\u00f1os al crear\u00a0la fundaci\u00f3n. \u201cLagun iezaguzu kirol-hazia ereiten\u201d, \u00e9se fue\u00a0el lema de la gala y el llamamiento que se hace desde Basque Team para que los pr\u00f3ximos a\u00f1os sean tan fruct\u00edferos en el deporte vasco de alto nivel como lo han sido hasta ahora. Las palabras de Maite Iturbe, directora de EiTB y vicepresidenta de la Fundaci\u00f3n, dieron\u00a0la bienvenida a los asistentes, seguidas por el bertso de Jon Esturo, t\u00e9cnico del atleta Mikel Odriozola, antiguo becado por la Fundaci\u00f3n.<br>\r\n<br>\r\nDespu\u00e9s de esa primeras intervenciones lleg\u00f3\u00a0el turno de repasar lo que han dado de si estos diez a\u00f1os en Basque Team deportivamente. Se recordaron\u00a0los momentos m\u00e1s importantes mediante un v\u00eddeo que recog\u00eda los recuerdos que guardan con m\u00e1s mimo deportistas de la talla de los pirag\u00fcistas Maialen Chourraut y Ander Elosegui, la triatleta Ainhoa Murua, los ciclistas Leire Olaberria y Amador Granados, los tiradores Pablo Carrera y Kako Aranburu o las jugadoras de balonmano Patricia Elorza y Eli Pinedo, entre otras.<br>\r\n<br>\r\nEn el siguiente bloque, el dedicado a las despedidas, el director de Actividad F\u00edsica y Deporte Jon Redondo obsequi\u00f3\u00a0con el Eguzkilore Azul a las y los deportistas que han dejado este a\u00f1o el alto nivel y por ende la Fundaci\u00f3n: el ciclista Unai Elorriaga, las jugadoras de hockey Mar\u00eda L\u00f3pez de Egu\u00edlaz y Roc\u00edo Ybarra y el judoka Kiyoshi Uematsu.<br>\r\n<br>\r\nDespu\u00e9s lleg\u00f3\u00a0el momento de mirar hacia el futuro. Con la ayuda de las patronales vascas, con las que la Fundaci\u00f3n ha llegado a un acuerdo para impulsar la inserci\u00f3n laboral de las y los deportistas de alto nivel, con la ayuda de su gran colaborador, Quir\u00f3n Salud, y de otras entidades a las que Basque Team se ha acercado en los \u00faltimos meses, se present\u00f3\u00a0el proyecto \u2018BaloreetanBAT\u2019. Mediante dicho proyecto la Fundaci\u00f3n pretende construir alianzas y estrategias de cooperaci\u00f3n con los agentes relevantes del entorno empresarial y educativo y devolver as\u00ed a la sociedad lo invertido en estos diez a\u00f1os en Basque Team. Se trata de hacer del deporte de \u00e9lite un aspecto diferenciador de Euskadi, de incentivar la generaci\u00f3n de conocimiento experto en relaci\u00f3n al deporte y la salud con posibilidades de aplicaci\u00f3n en el conjunto de la sociedad y de tomar conciencia entre todos y todas de la importancia del deporte como eje vertebrador y dinamizador de la vida social.<br>\r\n<br>\r\nPara abrir nuevas oportunidades e iniciativas en el entorno de las empresas, la educaci\u00f3n, el deporte y la salud y subrayar la apuesta por la integraci\u00f3n social, Basque Team contar\u00e1 con cinco embajadores: el alpinista Alberto I\u00f1urrategi, la luchadora Maider Unda, la pirag\u00fcista Naiara G\u00f3mez, el nadador Richar Oribe y el triatleta Eneko Llanos. Los cinco deportistas han sido seleccionados para divulgar los VALORES BASQUE TEAM en beneficio de la sociedad vasca a trav\u00e9s de proyectos compartidos.<br>\r\n<br>\r\nAl mirar al futuro, adem\u00e1s de los valores, la Fundaci\u00f3n tampoco pierde de vista los objetivos deportivos. Este a\u00f1o los Juegos Ol\u00edmpicos y Paral\u00edmpicos de PyeongChang ser\u00e1n uno de los grandes retos de Basque Team. En el evento celebrado ayer se present\u00f3\u00a0el nuevo spot televisivo de la Fundaci\u00f3n centrado en los y las deportistas de invierno y tambi\u00e9n el nuevo programa \u2018BAT To PyeongChang\u2019 que se emitir\u00e1 en ETB1 y ETB2 a partir de enero.<br>\r\n<br>\r\nLa Fundaci\u00f3n tampoco quiso\u00a0dejar pasar la oportunidad de reconocer el trabajo de los mejores deportistas del a\u00f1o. Se otorg\u00f3\u00a0el Eguzkilore blanco al snowboarder Lucas Eguibar como mejor deportista ol\u00edmpico, al patinador Patxi Peula como mejor deportista no ol\u00edmpico y tambi\u00e9n se destac\u00f3\u00a0el trabajo del esquiador Jon Santacana y el surfista Aitor Francesena en el deporte adaptado.<br>\r\n<br>\r\nLas palabras del consejero de Cultura y Pol\u00edtica Ling\u00fc\u00edstica Bingen Zupiria cerraron\u00a0el acto. \u201cLa Fundaci\u00f3n Basque Team cumple 10 a\u00f1os, pero le quedan muchos m\u00e1s por delante. Todav\u00eda queda mucho trabajo por hacer y por eso invito a todos y todas a que ayud\u00e9is a la Fundaci\u00f3n a seguir sembrando y cosechando \u00e9xitos en el alto nivel. Banatutako kirol-haziak ereiten lagun iezaguzue\u201d pidi\u00f3\u00a0Zupiria. \u00a0<\/p><br>","protected":false},"excerpt":{"rendered":"<p>LA FUNDACI\u00d3N BASQUE TEAM CELEBR\u00d3 AYER\u00a0SU D\u00c9CIMO ANIVERSARIO EN UNA GALA NAVIDE\u00d1A EN LA QUE PRESENT\u00d3\u00a0TAMBI\u00c9N SUS PR\u00d3XIMOS PROYECTOS En el acto, que cont\u00f3\u00a0con muchos de los deportistas becados por la Fundaci\u00f3n durante estos a\u00f1os, se present\u00f3\u00a0un nuevo proyecto relacionado con el \u00e1mbito empresarial y educacional llamado #BaloreetanBAT y uno de los grandes objetivos de [&hellip;]<\/p>\n","protected":false},"author":1,"featured_media":0,"comment_status":"closed","ping_status":"open","sticky":false,"template":"","format":"standard","meta":{"footnotes":""},"categories":[5],"tags":[],"class_list":["post-1410","post","type-post","status-publish","format-standard","hentry","category-noticias"],"_links":{"self":[{"href":"https:\/\/www.fvtm.org\/es\/index.php\/wp-json\/wp\/v2\/posts\/1410","targetHints":{"allow":["GET"]}}],"collection":[{"href":"https:\/\/www.fvtm.org\/es\/index.php\/wp-json\/wp\/v2\/posts"}],"about":[{"href":"https:\/\/www.fvtm.org\/es\/index.php\/wp-json\/wp\/v2\/types\/post"}],"author":[{"embeddable":true,"href":"https:\/\/www.fvtm.org\/es\/index.php\/wp-json\/wp\/v2\/users\/1"}],"replies":[{"embeddable":true,"href":"https:\/\/www.fvtm.org\/es\/index.php\/wp-json\/wp\/v2\/comments?post=1410"}],"version-history":[{"count":8,"href":"https:\/\/www.fvtm.org\/es\/index.php\/wp-json\/wp\/v2\/posts\/1410\/revisions"}],"predecessor-version":[{"id":1422,"href":"https:\/\/www.fvtm.org\/es\/index.php\/wp-json\/wp\/v2\/posts\/1410\/revisions\/1422"}],"wp:attachment":[{"href":"https:\/\/www.fvtm.org\/es\/index.php\/wp-json\/wp\/v2\/media?parent=1410"}],"wp:term":[{"taxonomy":"category","embeddable":true,"href":"https:\/\/www.fvtm.org\/es\/index.php\/wp-json\/wp\/v2\/categories?post=1410"},{"taxonomy":"post_tag","embeddable":true,"href":"https:\/\/www.fvtm.org\/es\/index.php\/wp-json\/wp\/v2\/tags?post=1410"}],"curies":[{"name":"wp","href":"https:\/\/api.w.org\/{rel}","templated":true}]}}