{"id":1417,"date":"2017-12-22T22:13:16","date_gmt":"2017-12-22T22:13:16","guid":{"rendered":"http:\/\/www.fvtm.org\/es\/?p=1417"},"modified":"2017-12-22T22:13:57","modified_gmt":"2017-12-22T22:13:57","slug":"gala-basque-team","status":"publish","type":"post","link":"https:\/\/www.fvtm.org\/es\/index.php\/2017\/12\/22\/gala-basque-team\/","title":{"rendered":"<br> GALA BASQUE TEAM"},"content":{"rendered":"<img decoding=\"async\" src=\"http:\/\/www.fvtm.org\/es\/fotos\/BAT_P.jpg\" \/>\r\n<br><br>\r\n&nbsp;&nbsp;&nbsp; En el acto, que cont\u00f3 con muchos de los deportistas becados por la Fundaci\u00f3n durante estos a\u00f1os, se present\u00f3 un nuevo proyecto&#8230;\r\n<div align=\"right\"><a href=\"http:\/\/www.fvtm.org\/es\/index.php\/2017\/12\/22\/gala-navidena-fundacion-basque-team\/\"  style=\"text-decoration:none\">Leer m\u00e1s >> \r\n<\/div><\/a>","protected":false},"excerpt":{"rendered":"<p>&nbsp;&nbsp;&nbsp; En el acto, que cont\u00f3 con muchos de los deportistas becados por la Fundaci\u00f3n durante estos a\u00f1os, se present\u00f3 un nuevo proyecto&#8230; Leer m\u00e1s >><\/p>\n","protected":false},"author":1,"featured_media":0,"comment_status":"closed","ping_status":"open","sticky":false,"template":"","format":"standard","meta":{"footnotes":""},"categories":[7],"tags":[],"class_list":["post-1417","post","type-post","status-publish","format-standard","hentry","category-destacadas"],"_links":{"self":[{"href":"https:\/\/www.fvtm.org\/es\/index.php\/wp-json\/wp\/v2\/posts\/1417","targetHints":{"allow":["GET"]}}],"collection":[{"href":"https:\/\/www.fvtm.org\/es\/index.php\/wp-json\/wp\/v2\/posts"}],"about":[{"href":"https:\/\/www.fvtm.org\/es\/index.php\/wp-json\/wp\/v2\/types\/post"}],"author":[{"embeddable":true,"href":"https:\/\/www.fvtm.org\/es\/index.php\/wp-json\/wp\/v2\/users\/1"}],"replies":[{"embeddable":true,"href":"https:\/\/www.fvtm.org\/es\/index.php\/wp-json\/wp\/v2\/comments?post=1417"}],"version-history":[{"count":2,"href":"https:\/\/www.fvtm.org\/es\/index.php\/wp-json\/wp\/v2\/posts\/1417\/revisions"}],"predecessor-version":[{"id":1419,"href":"https:\/\/www.fvtm.org\/es\/index.php\/wp-json\/wp\/v2\/posts\/1417\/revisions\/1419"}],"wp:attachment":[{"href":"https:\/\/www.fvtm.org\/es\/index.php\/wp-json\/wp\/v2\/media?parent=1417"}],"wp:term":[{"taxonomy":"category","embeddable":true,"href":"https:\/\/www.fvtm.org\/es\/index.php\/wp-json\/wp\/v2\/categories?post=1417"},{"taxonomy":"post_tag","embeddable":true,"href":"https:\/\/www.fvtm.org\/es\/index.php\/wp-json\/wp\/v2\/tags?post=1417"}],"curies":[{"name":"wp","href":"https:\/\/api.w.org\/{rel}","templated":true}]}}