{"id":1605,"date":"2018-10-15T10:18:27","date_gmt":"2018-10-15T10:18:27","guid":{"rendered":"http:\/\/www.fvtm.org\/es\/?p=1605"},"modified":"2018-10-22T18:24:42","modified_gmt":"2018-10-22T18:24:42","slug":"iker-sastre-en-el-mundial-de-eslovenia","status":"publish","type":"post","link":"https:\/\/www.fvtm.org\/es\/index.php\/2018\/10\/15\/iker-sastre-en-el-mundial-de-eslovenia\/","title":{"rendered":"<br> IKER SASTRE EN EL MUNDIAL DE ESLOVENIA"},"content":{"rendered":"<img loading=\"lazy\" decoding=\"async\" src=\"http:\/\/www.fvtm.org\/es\/wp-content\/uploads\/2018\/10\/2018_Eslovenia_Iker.jpg\" alt=\"\" width=\"601\" height=\"601\" class=\"aligncenter size-full wp-image-1633\" srcset=\"https:\/\/www.fvtm.org\/es\/wp-content\/uploads\/2018\/10\/2018_Eslovenia_Iker.jpg 601w, https:\/\/www.fvtm.org\/es\/wp-content\/uploads\/2018\/10\/2018_Eslovenia_Iker-150x150.jpg 150w, https:\/\/www.fvtm.org\/es\/wp-content\/uploads\/2018\/10\/2018_Eslovenia_Iker-300x300.jpg 300w\" sizes=\"auto, (max-width: 601px) 100vw, 601px\" \/>\r\n<br>\r\n<strong>ACTUALIZACION 22\/10\/2018<\/strong><br>\r\n<br>\r\n&nbsp;&nbsp;&nbsp;Iker sastre entre el 5 y 8 del mundo. Esta aventura comenz\u00f3 en el 2017 y a 22 de Octubre vuelvo a casa tras el mejor resultado en mi vida en un mundial #spint2018. Ca\u00ed en cuartos de final ante un grand\u00edsimo jugador, Stephan Molliens lo que no me da derecho a medalla ni a beca. Pero seguiremos luchando cada d\u00eda m\u00e1s para mi sue\u00f1o #tokio2020 <br>\r\n<br>\r\n<strong>ACTUALIZACION 19\/10\/2018<\/strong><br>\r\n<br>\r\n&nbsp;&nbsp;&nbsp;Se est\u00e1 disputando en Celje (Eslovenia) el Campeonato del Mundo de Tenis de Mesa Adaptado, en el que est\u00e1 tomando parte nuestro representante vasco Iker Sastre. Y las noticias no pueden se mejores puesto que en la jornada de ayer  Iker Bati\u00f3 al Italiano Crosara por 3-0 y al ucraniano Yesyk (n\u00famero 3 del ranking mundial y cabeza de serie n\u00famero 3 del torneo) por 3-2 en un gran partido.    Como consecuencia de ello Iker pasa a la siguiente fase como primero de Grupo, evitando la ronda de previas en octavos de final y entrando a disputar directamente los cuartos de final en los que se enfrentar\u00e1 al franc\u00e9s Molliens, n\u00famero 5 del ranking mundial.<br>\r\n<br>\r\n<br>\r\n<strong>NOTICIA 15\/10\/2018<\/strong><br>\r\n<br>\r\n<center><a href=\"http:\/\/www.fvtm.org\/es\/wp-content\/uploads\/2018\/10\/IMG-20181013-WA0015.jpg\"><img loading=\"lazy\" decoding=\"async\" src=\"http:\/\/www.fvtm.org\/es\/wp-content\/uploads\/2018\/10\/IMG-20181013-WA0015-300x257.jpg\" alt=\"\" width=\"300\" height=\"257\" class=\"alignnone size-medium wp-image-1606\" srcset=\"https:\/\/www.fvtm.org\/es\/wp-content\/uploads\/2018\/10\/IMG-20181013-WA0015-300x257.jpg 300w, https:\/\/www.fvtm.org\/es\/wp-content\/uploads\/2018\/10\/IMG-20181013-WA0015-768x657.jpg 768w, https:\/\/www.fvtm.org\/es\/wp-content\/uploads\/2018\/10\/IMG-20181013-WA0015-1024x876.jpg 1024w, https:\/\/www.fvtm.org\/es\/wp-content\/uploads\/2018\/10\/IMG-20181013-WA0015.jpg 1600w\" sizes=\"auto, (max-width: 300px) 100vw, 300px\" \/><\/a>\r\n\r\n<a href=\"http:\/\/www.fvtm.org\/es\/wp-content\/uploads\/2018\/10\/IMG-20181013-WA0045.jpg\"><img loading=\"lazy\" decoding=\"async\" src=\"http:\/\/www.fvtm.org\/es\/wp-content\/uploads\/2018\/10\/IMG-20181013-WA0045-272x300.jpg\" alt=\"\" width=\"272\" height=\"300\" class=\"alignnone size-medium wp-image-1607\" srcset=\"https:\/\/www.fvtm.org\/es\/wp-content\/uploads\/2018\/10\/IMG-20181013-WA0045-272x300.jpg 272w, https:\/\/www.fvtm.org\/es\/wp-content\/uploads\/2018\/10\/IMG-20181013-WA0045-768x848.jpg 768w, https:\/\/www.fvtm.org\/es\/wp-content\/uploads\/2018\/10\/IMG-20181013-WA0045-928x1024.jpg 928w, https:\/\/www.fvtm.org\/es\/wp-content\/uploads\/2018\/10\/IMG-20181013-WA0045.jpg 1137w\" sizes=\"auto, (max-width: 272px) 100vw, 272px\" \/><\/a><br><\/center>\r\n<br>\r\n&nbsp;&nbsp;&nbsp;Con los deberes hechos, vamos al mundial de Eslovenia. Tras 5 d\u00edas en el CAR de San Cugat viajamos ma\u00f1ana a las 7:00 horas a Eslovenia. Ahora s\u00f3lo queda lo m\u00e1s dif\u00edcil, competir al 100%. <br>\r\n<br>\r\n&nbsp;&nbsp;&nbsp;El mi\u00e9rcoles empieza la competici\u00f3n. Hasta entonces \u00faltimo detalles a trabajar<br>\r\n<br>\r\n&nbsp;&nbsp;&nbsp; #spint2018<br>\r\n\r\n\r\n\r\n","protected":false},"excerpt":{"rendered":"<p>ACTUALIZACION 22\/10\/2018 &nbsp;&nbsp;&nbsp;Iker sastre entre el 5 y 8 del mundo. Esta aventura comenz\u00f3 en el 2017 y a 22 de Octubre vuelvo a casa tras el mejor resultado en mi vida en un mundial #spint2018. Ca\u00ed en cuartos de final ante un grand\u00edsimo jugador, Stephan Molliens lo que no me da derecho a medalla [&hellip;]<\/p>\n","protected":false},"author":1,"featured_media":0,"comment_status":"closed","ping_status":"closed","sticky":false,"template":"","format":"standard","meta":{"footnotes":""},"categories":[5],"tags":[],"class_list":["post-1605","post","type-post","status-publish","format-standard","hentry","category-noticias"],"_links":{"self":[{"href":"https:\/\/www.fvtm.org\/es\/index.php\/wp-json\/wp\/v2\/posts\/1605","targetHints":{"allow":["GET"]}}],"collection":[{"href":"https:\/\/www.fvtm.org\/es\/index.php\/wp-json\/wp\/v2\/posts"}],"about":[{"href":"https:\/\/www.fvtm.org\/es\/index.php\/wp-json\/wp\/v2\/types\/post"}],"author":[{"embeddable":true,"href":"https:\/\/www.fvtm.org\/es\/index.php\/wp-json\/wp\/v2\/users\/1"}],"replies":[{"embeddable":true,"href":"https:\/\/www.fvtm.org\/es\/index.php\/wp-json\/wp\/v2\/comments?post=1605"}],"version-history":[{"count":8,"href":"https:\/\/www.fvtm.org\/es\/index.php\/wp-json\/wp\/v2\/posts\/1605\/revisions"}],"predecessor-version":[{"id":1640,"href":"https:\/\/www.fvtm.org\/es\/index.php\/wp-json\/wp\/v2\/posts\/1605\/revisions\/1640"}],"wp:attachment":[{"href":"https:\/\/www.fvtm.org\/es\/index.php\/wp-json\/wp\/v2\/media?parent=1605"}],"wp:term":[{"taxonomy":"category","embeddable":true,"href":"https:\/\/www.fvtm.org\/es\/index.php\/wp-json\/wp\/v2\/categories?post=1605"},{"taxonomy":"post_tag","embeddable":true,"href":"https:\/\/www.fvtm.org\/es\/index.php\/wp-json\/wp\/v2\/tags?post=1605"}],"curies":[{"name":"wp","href":"https:\/\/api.w.org\/{rel}","templated":true}]}}