{"id":1976,"date":"2019-04-14T22:16:46","date_gmt":"2019-04-14T22:16:46","guid":{"rendered":"http:\/\/www.fvtm.org\/es\/?p=1976"},"modified":"2019-04-14T22:16:46","modified_gmt":"2019-04-14T22:16:46","slug":"convenio-de-colaboracion-con-avifes","status":"publish","type":"post","link":"https:\/\/www.fvtm.org\/es\/index.php\/2019\/04\/14\/convenio-de-colaboracion-con-avifes\/","title":{"rendered":"CONVENIO DE COLABORACION CON AVIFES"},"content":{"rendered":"<a href=\"http:\/\/www.fvtm.org\/es\/wp-content\/uploads\/2019\/04\/2019Avifes.jpg\"><img loading=\"lazy\" decoding=\"async\" src=\"http:\/\/www.fvtm.org\/es\/wp-content\/uploads\/2019\/04\/2019Avifes-1024x720.jpg\" alt=\"\" width=\"1024\" height=\"720\" class=\"aligncenter size-large wp-image-1977\" srcset=\"https:\/\/www.fvtm.org\/es\/wp-content\/uploads\/2019\/04\/2019Avifes-1024x720.jpg 1024w, https:\/\/www.fvtm.org\/es\/wp-content\/uploads\/2019\/04\/2019Avifes-300x211.jpg 300w, https:\/\/www.fvtm.org\/es\/wp-content\/uploads\/2019\/04\/2019Avifes-768x540.jpg 768w, https:\/\/www.fvtm.org\/es\/wp-content\/uploads\/2019\/04\/2019Avifes.jpg 1200w\" sizes=\"auto, (max-width: 1024px) 100vw, 1024px\" \/><\/a><br>\r\n&nbsp;&nbsp;&nbsp;La Federaci\u00f3n Bizkaina de Tenis de Mesa ha firmado un convenio de colaboraci\u00f3n con AVIFES para la incorporaci\u00f3n del tenis de mesa a la oferta de la Agrupaci\u00f3n deportiva Gorantza y a distintas actividades de la entidad, una gran oportunidad para el deporte y la SaludMental.","protected":false},"excerpt":{"rendered":"<p>&nbsp;&nbsp;&nbsp;La Federaci\u00f3n Bizkaina de Tenis de Mesa ha firmado un convenio de colaboraci\u00f3n con AVIFES para la incorporaci\u00f3n del tenis de mesa a la oferta de la Agrupaci\u00f3n deportiva Gorantza y a distintas actividades de la entidad, una gran oportunidad para el deporte y la SaludMental.<\/p>\n","protected":false},"author":1,"featured_media":0,"comment_status":"closed","ping_status":"closed","sticky":false,"template":"","format":"standard","meta":{"footnotes":""},"categories":[7,5],"tags":[],"class_list":["post-1976","post","type-post","status-publish","format-standard","hentry","category-destacadas","category-noticias"],"_links":{"self":[{"href":"https:\/\/www.fvtm.org\/es\/index.php\/wp-json\/wp\/v2\/posts\/1976","targetHints":{"allow":["GET"]}}],"collection":[{"href":"https:\/\/www.fvtm.org\/es\/index.php\/wp-json\/wp\/v2\/posts"}],"about":[{"href":"https:\/\/www.fvtm.org\/es\/index.php\/wp-json\/wp\/v2\/types\/post"}],"author":[{"embeddable":true,"href":"https:\/\/www.fvtm.org\/es\/index.php\/wp-json\/wp\/v2\/users\/1"}],"replies":[{"embeddable":true,"href":"https:\/\/www.fvtm.org\/es\/index.php\/wp-json\/wp\/v2\/comments?post=1976"}],"version-history":[{"count":1,"href":"https:\/\/www.fvtm.org\/es\/index.php\/wp-json\/wp\/v2\/posts\/1976\/revisions"}],"predecessor-version":[{"id":1978,"href":"https:\/\/www.fvtm.org\/es\/index.php\/wp-json\/wp\/v2\/posts\/1976\/revisions\/1978"}],"wp:attachment":[{"href":"https:\/\/www.fvtm.org\/es\/index.php\/wp-json\/wp\/v2\/media?parent=1976"}],"wp:term":[{"taxonomy":"category","embeddable":true,"href":"https:\/\/www.fvtm.org\/es\/index.php\/wp-json\/wp\/v2\/categories?post=1976"},{"taxonomy":"post_tag","embeddable":true,"href":"https:\/\/www.fvtm.org\/es\/index.php\/wp-json\/wp\/v2\/tags?post=1976"}],"curies":[{"name":"wp","href":"https:\/\/api.w.org\/{rel}","templated":true}]}}