{"id":2108,"date":"2019-11-04T11:03:20","date_gmt":"2019-11-04T11:03:20","guid":{"rendered":"http:\/\/www.fvtm.org\/es\/?p=2108"},"modified":"2019-11-04T11:03:49","modified_gmt":"2019-11-04T11:03:49","slug":"open-de-holanda-ptt-2019-iker-sastre-bronce","status":"publish","type":"post","link":"https:\/\/www.fvtm.org\/es\/index.php\/2019\/11\/04\/open-de-holanda-ptt-2019-iker-sastre-bronce\/","title":{"rendered":"<br> OPEN DE HOLANDA PTT 2019 &#8211; IKER SASTRE BRONCE"},"content":{"rendered":"<a href=\"http:\/\/www.fvtm.org\/es\/wp-content\/uploads\/2019\/11\/IMG-20191103-WA0027.jpg\"><img loading=\"lazy\" decoding=\"async\" src=\"http:\/\/www.fvtm.org\/es\/wp-content\/uploads\/2019\/11\/IMG-20191103-WA0027.jpg\" alt=\"\" width=\"720\" height=\"720\" class=\"aligncenter size-full wp-image-2110\" srcset=\"https:\/\/www.fvtm.org\/es\/wp-content\/uploads\/2019\/11\/IMG-20191103-WA0027.jpg 720w, https:\/\/www.fvtm.org\/es\/wp-content\/uploads\/2019\/11\/IMG-20191103-WA0027-150x150.jpg 150w, https:\/\/www.fvtm.org\/es\/wp-content\/uploads\/2019\/11\/IMG-20191103-WA0027-300x300.jpg 300w\" sizes=\"auto, (max-width: 720px) 100vw, 720px\" \/><\/a><br>\r\n&nbsp;&nbsp;&nbsp;El jugador de tenis de mesa adaptado Iker Sastre contin\u00faa dando pasos importantes hacia Tokyo 2020 tras colgarse la medalla de bronce en el Dutch Open disputado en Stadskanaal (Holanda). Iker se qued\u00f3 a las puertas de los Juegos Paral\u00edmpicos de R\u00edo de Janeiro 2016 y esta vez no quiere que le ocurra lo mismo.<br>\r\n<br>\r\n&nbsp;&nbsp;&nbsp;El jugador, integrante del proyecto de excelencia de Basque Team, consigui\u00f3 en septiembre un bronce por equipos en el Europeo de Suecia, y con el resultado de hoy se mantiene entre los nueve mejores jugadores del mundo en clase 2 (deportistas en silla de ruedas). Iker buscar\u00e1 el pr\u00f3ximo a\u00f1o amarrar la plaza para la cita en la capital japonesa.<br>\r\n<br>\r\n&nbsp;&nbsp;&nbsp;Iker Sastre qued\u00f3 segundo del grupo C en la primera fase del torneo de Holanda. En cuartos de final super\u00f3 a su compa\u00f1ero de selecci\u00f3n, Miguel \u00c1ngel Toledo, por un contundente 3-0, pero en semifinales ha cedido ante el franc\u00e9s Stephane Molliens (0-3).<br>\r\n<br>\r\n&nbsp;&nbsp;&nbsp;\u201cHa sido un sabor agridulce, me hubiese gustado jugar la final, pero he cumplido con el objetivo de conseguir una medalla. Mantendr\u00e9 el puesto 9 del ranking y mis competidores m\u00e1s cercanos han perdido algunas posiciones. Estoy m\u00e1s cerca de lograr el pase para Tokyo, depender\u00e1 del inicio de la pr\u00f3xima temporada\u201d, ha explicado.<br>\r\n<br>\r\n\n\t\t<style type=\"text\/css\">\n\t\t\t#gallery-1 {\n\t\t\t\tmargin: auto;\n\t\t\t}\n\t\t\t#gallery-1 .gallery-item {\n\t\t\t\tfloat: left;\n\t\t\t\tmargin-top: 10px;\n\t\t\t\ttext-align: center;\n\t\t\t\twidth: 50%;\n\t\t\t}\n\t\t\t#gallery-1 img {\n\t\t\t\tborder: 2px solid #cfcfcf;\n\t\t\t}\n\t\t\t#gallery-1 .gallery-caption {\n\t\t\t\tmargin-left: 0;\n\t\t\t}\n\t\t\t\/* see gallery_shortcode() in wp-includes\/media.php *\/\n\t\t<\/style>\n\t\t<div id='gallery-1' class='gallery galleryid-2108 gallery-columns-2 gallery-size-medium'><dl class='gallery-item'>\n\t\t\t<dt class='gallery-icon landscape'>\n\t\t\t\t<a href='https:\/\/www.fvtm.org\/es\/wp-content\/uploads\/2019\/11\/IMG-20191103-WA0032.jpg'><img loading=\"lazy\" decoding=\"async\" width=\"300\" height=\"200\" src=\"https:\/\/www.fvtm.org\/es\/wp-content\/uploads\/2019\/11\/IMG-20191103-WA0032-300x200.jpg\" class=\"attachment-medium size-medium\" alt=\"\" srcset=\"https:\/\/www.fvtm.org\/es\/wp-content\/uploads\/2019\/11\/IMG-20191103-WA0032-300x200.jpg 300w, https:\/\/www.fvtm.org\/es\/wp-content\/uploads\/2019\/11\/IMG-20191103-WA0032.jpg 720w\" sizes=\"auto, (max-width: 300px) 100vw, 300px\" \/><\/a>\n\t\t\t<\/dt><\/dl><dl class='gallery-item'>\n\t\t\t<dt class='gallery-icon landscape'>\n\t\t\t\t<a href='https:\/\/www.fvtm.org\/es\/wp-content\/uploads\/2019\/11\/IMG-20191103-WA0028.jpg'><img loading=\"lazy\" decoding=\"async\" width=\"300\" height=\"200\" src=\"https:\/\/www.fvtm.org\/es\/wp-content\/uploads\/2019\/11\/IMG-20191103-WA0028-300x200.jpg\" class=\"attachment-medium size-medium\" alt=\"\" srcset=\"https:\/\/www.fvtm.org\/es\/wp-content\/uploads\/2019\/11\/IMG-20191103-WA0028-300x200.jpg 300w, https:\/\/www.fvtm.org\/es\/wp-content\/uploads\/2019\/11\/IMG-20191103-WA0028.jpg 720w\" sizes=\"auto, (max-width: 300px) 100vw, 300px\" \/><\/a>\n\t\t\t<\/dt><\/dl><br style=\"clear: both\" \/>\n\t\t<\/div>\n","protected":false},"excerpt":{"rendered":"<p>&nbsp;&nbsp;&nbsp;El jugador de tenis de mesa adaptado Iker Sastre contin\u00faa dando pasos importantes hacia Tokyo 2020 tras colgarse la medalla de bronce en el Dutch Open disputado en Stadskanaal (Holanda). Iker se qued\u00f3 a las puertas de los Juegos Paral\u00edmpicos de R\u00edo de Janeiro 2016 y esta vez no quiere que le ocurra lo mismo. [&hellip;]<\/p>\n","protected":false},"author":1,"featured_media":0,"comment_status":"closed","ping_status":"closed","sticky":false,"template":"","format":"standard","meta":{"footnotes":""},"categories":[5],"tags":[],"class_list":["post-2108","post","type-post","status-publish","format-standard","hentry","category-noticias"],"_links":{"self":[{"href":"https:\/\/www.fvtm.org\/es\/index.php\/wp-json\/wp\/v2\/posts\/2108","targetHints":{"allow":["GET"]}}],"collection":[{"href":"https:\/\/www.fvtm.org\/es\/index.php\/wp-json\/wp\/v2\/posts"}],"about":[{"href":"https:\/\/www.fvtm.org\/es\/index.php\/wp-json\/wp\/v2\/types\/post"}],"author":[{"embeddable":true,"href":"https:\/\/www.fvtm.org\/es\/index.php\/wp-json\/wp\/v2\/users\/1"}],"replies":[{"embeddable":true,"href":"https:\/\/www.fvtm.org\/es\/index.php\/wp-json\/wp\/v2\/comments?post=2108"}],"version-history":[{"count":2,"href":"https:\/\/www.fvtm.org\/es\/index.php\/wp-json\/wp\/v2\/posts\/2108\/revisions"}],"predecessor-version":[{"id":2115,"href":"https:\/\/www.fvtm.org\/es\/index.php\/wp-json\/wp\/v2\/posts\/2108\/revisions\/2115"}],"wp:attachment":[{"href":"https:\/\/www.fvtm.org\/es\/index.php\/wp-json\/wp\/v2\/media?parent=2108"}],"wp:term":[{"taxonomy":"category","embeddable":true,"href":"https:\/\/www.fvtm.org\/es\/index.php\/wp-json\/wp\/v2\/categories?post=2108"},{"taxonomy":"post_tag","embeddable":true,"href":"https:\/\/www.fvtm.org\/es\/index.php\/wp-json\/wp\/v2\/tags?post=2108"}],"curies":[{"name":"wp","href":"https:\/\/api.w.org\/{rel}","templated":true}]}}