{"id":2193,"date":"2020-03-02T16:50:33","date_gmt":"2020-03-02T16:50:33","guid":{"rendered":"http:\/\/www.fvtm.org\/es\/?p=2193"},"modified":"2020-03-04T10:25:43","modified_gmt":"2020-03-04T10:25:43","slug":"exito-bizkaino-en-el-estatal","status":"publish","type":"post","link":"https:\/\/www.fvtm.org\/es\/index.php\/2020\/03\/02\/exito-bizkaino-en-el-estatal\/","title":{"rendered":"EXITO BIZKAINO <br> EN EL ESTATAL"},"content":{"rendered":"<a href=\"http:\/\/www.fvtm.org\/es\/wp-content\/uploads\/2020\/03\/estatal_basauri-scaled.jpg\"><img loading=\"lazy\" decoding=\"async\" src=\"http:\/\/www.fvtm.org\/es\/wp-content\/uploads\/2020\/03\/estatal_basauri-1024x770.jpg\" alt=\"\" width=\"1024\" height=\"770\" class=\"aligncenter size-large wp-image-2197\" srcset=\"https:\/\/www.fvtm.org\/es\/wp-content\/uploads\/2020\/03\/estatal_basauri-1024x770.jpg 1024w, https:\/\/www.fvtm.org\/es\/wp-content\/uploads\/2020\/03\/estatal_basauri-300x226.jpg 300w, https:\/\/www.fvtm.org\/es\/wp-content\/uploads\/2020\/03\/estatal_basauri-768x577.jpg 768w, https:\/\/www.fvtm.org\/es\/wp-content\/uploads\/2020\/03\/estatal_basauri-1536x1155.jpg 1536w, https:\/\/www.fvtm.org\/es\/wp-content\/uploads\/2020\/03\/estatal_basauri-2048x1540.jpg 2048w\" sizes=\"auto, (max-width: 1024px) 100vw, 1024px\" \/><\/a><br>\r\n&nbsp;&nbsp;&nbsp;Los jugadores del CLUB TENIS DE MESA BASAURI Javi Garcia y Kike Irineu participaron el pasado fin de semana (del 21 al 23 de Febrero) en el TORNEO ESTATAL disputado en la ciudad de Valladolid, donde se re\u00fanen los mejores jugadores del Estado en cada categor\u00eda. <br>\r\n<br>\r\n&nbsp;&nbsp;&nbsp;Los dos jugadores bizkainos consiguieron subirse al podio en la categor\u00eda veterano +40. Lo hicieron en el segundo puesto Javi Garcia y tercer caj\u00f3n Kike Irineu, obteniendo un gran \u00e9xito para el Club, para el Tenis de mesa Bizkaino y Vasco. <br>\r\n<br>\r\n&nbsp;&nbsp;&nbsp;Ademas en la categoria silla Alvaro Guridi del club FEKOOR fue tercero.<br>\r\n<br>\r\n<div align=\"right\"><a href=\"http:\/\/www.rfetm.es\/noticia\/7170-concluye-el-torneo-estatal-de-tenis-de-mesa-2020-en-valladolid\" style=\"text-decoration:none\" rel=\"noopener noreferrer\" target=\"_blank\">Ver noticia RFETM >> \r\n<\/div><\/a>\r\n<br>\r\n<a href=\"http:\/\/www.fvtm.org\/es\/wp-content\/uploads\/2020\/03\/estatal01-scaled.jpg\"><img loading=\"lazy\" decoding=\"async\" src=\"http:\/\/www.fvtm.org\/es\/wp-content\/uploads\/2020\/03\/estatal01-1024x714.jpg\" alt=\"\" width=\"1024\" height=\"714\" class=\"aligncenter size-large wp-image-2205\" srcset=\"https:\/\/www.fvtm.org\/es\/wp-content\/uploads\/2020\/03\/estatal01-1024x714.jpg 1024w, https:\/\/www.fvtm.org\/es\/wp-content\/uploads\/2020\/03\/estatal01-300x209.jpg 300w, https:\/\/www.fvtm.org\/es\/wp-content\/uploads\/2020\/03\/estatal01-768x536.jpg 768w, https:\/\/www.fvtm.org\/es\/wp-content\/uploads\/2020\/03\/estatal01-1536x1071.jpg 1536w, https:\/\/www.fvtm.org\/es\/wp-content\/uploads\/2020\/03\/estatal01-2048x1429.jpg 2048w\" sizes=\"auto, (max-width: 1024px) 100vw, 1024px\" \/><\/a>\r\n\r\n","protected":false},"excerpt":{"rendered":"<p>&nbsp;&nbsp;&nbsp;Los jugadores del CLUB TENIS DE MESA BASAURI Javi Garcia y Kike Irineu participaron el pasado fin de semana (del 21 al 23 de Febrero) en el TORNEO ESTATAL disputado en la ciudad de Valladolid, donde se re\u00fanen los mejores jugadores del Estado en cada categor\u00eda. &nbsp;&nbsp;&nbsp;Los dos jugadores bizkainos consiguieron subirse al podio en [&hellip;]<\/p>\n","protected":false},"author":1,"featured_media":0,"comment_status":"closed","ping_status":"closed","sticky":false,"template":"","format":"standard","meta":{"footnotes":""},"categories":[5],"tags":[],"class_list":["post-2193","post","type-post","status-publish","format-standard","hentry","category-noticias"],"_links":{"self":[{"href":"https:\/\/www.fvtm.org\/es\/index.php\/wp-json\/wp\/v2\/posts\/2193","targetHints":{"allow":["GET"]}}],"collection":[{"href":"https:\/\/www.fvtm.org\/es\/index.php\/wp-json\/wp\/v2\/posts"}],"about":[{"href":"https:\/\/www.fvtm.org\/es\/index.php\/wp-json\/wp\/v2\/types\/post"}],"author":[{"embeddable":true,"href":"https:\/\/www.fvtm.org\/es\/index.php\/wp-json\/wp\/v2\/users\/1"}],"replies":[{"embeddable":true,"href":"https:\/\/www.fvtm.org\/es\/index.php\/wp-json\/wp\/v2\/comments?post=2193"}],"version-history":[{"count":10,"href":"https:\/\/www.fvtm.org\/es\/index.php\/wp-json\/wp\/v2\/posts\/2193\/revisions"}],"predecessor-version":[{"id":2211,"href":"https:\/\/www.fvtm.org\/es\/index.php\/wp-json\/wp\/v2\/posts\/2193\/revisions\/2211"}],"wp:attachment":[{"href":"https:\/\/www.fvtm.org\/es\/index.php\/wp-json\/wp\/v2\/media?parent=2193"}],"wp:term":[{"taxonomy":"category","embeddable":true,"href":"https:\/\/www.fvtm.org\/es\/index.php\/wp-json\/wp\/v2\/categories?post=2193"},{"taxonomy":"post_tag","embeddable":true,"href":"https:\/\/www.fvtm.org\/es\/index.php\/wp-json\/wp\/v2\/tags?post=2193"}],"curies":[{"name":"wp","href":"https:\/\/api.w.org\/{rel}","templated":true}]}}