{"id":2883,"date":"2023-07-12T10:32:28","date_gmt":"2023-07-12T10:32:28","guid":{"rendered":"http:\/\/www.fvtm.org\/es\/?p=2883"},"modified":"2023-07-12T10:36:12","modified_gmt":"2023-07-12T10:36:12","slug":"abadino-campeon-dobles-cpto-espana-veteranos","status":"publish","type":"post","link":"https:\/\/www.fvtm.org\/es\/index.php\/2023\/07\/12\/abadino-campeon-dobles-cpto-espana-veteranos\/","title":{"rendered":"ABADI\u00d1O CAMPEON DOBLES CPTO ESPA\u00d1A VETERANOS"},"content":{"rendered":"<a href=\"http:\/\/www.fvtm.org\/es\/wp-content\/uploads\/2023\/07\/Abadino.jpg\"><img loading=\"lazy\" decoding=\"async\" src=\"http:\/\/www.fvtm.org\/es\/wp-content\/uploads\/2023\/07\/Abadino.jpg\" alt=\"\" width=\"828\" height=\"547\" class=\"aligncenter size-full wp-image-2884\" srcset=\"https:\/\/www.fvtm.org\/es\/wp-content\/uploads\/2023\/07\/Abadino.jpg 828w, https:\/\/www.fvtm.org\/es\/wp-content\/uploads\/2023\/07\/Abadino-300x198.jpg 300w, https:\/\/www.fvtm.org\/es\/wp-content\/uploads\/2023\/07\/Abadino-768x507.jpg 768w\" sizes=\"auto, (max-width: 828px) 100vw, 828px\" \/><\/a>\r\n<br>\r\n&nbsp;&nbsp;&nbsp;Javier Garc\u00eda y Enrique Irineu del club Abadi\u00f1o se llevaron el oro en la prueba de dobles del Campeonato de Espa\u00f1a de Veteranos, ganando en la final a los hermanos Machado, Jose Luis y Jes\u00fas Mar\u00eda. Ruiz\/Dobato y Garc\u00eda\/Becerra fueron bronce.<br>\r\n<br>\r\n&nbsp;&nbsp;&nbsp;Ademas Abadi\u00f1o consigui\u00f3 tambi\u00e9n el subcampeonato en la prueba por equipos.<br>\r\n<br>\r\n\r\n<div align=\"right\"><a href=\"http:\/\/rfetm.es\/noticia\/8633-resultados-del-xxxi-campeonato-de-espana-veteranos-en-zamora\" style=\"text-decoration:none\" rel=\"noopener noreferrer\" target=\"_blank\">Ver Noticia RFETM >><\/a><\/div>","protected":false},"excerpt":{"rendered":"<p>&nbsp;&nbsp;&nbsp;Javier Garc\u00eda y Enrique Irineu del club Abadi\u00f1o se llevaron el oro en la prueba de dobles del Campeonato de Espa\u00f1a de Veteranos, ganando en la final a los hermanos Machado, Jose Luis y Jes\u00fas Mar\u00eda. Ruiz\/Dobato y Garc\u00eda\/Becerra fueron bronce. &nbsp;&nbsp;&nbsp;Ademas Abadi\u00f1o consigui\u00f3 tambi\u00e9n el subcampeonato en la prueba por equipos. Ver Noticia RFETM [&hellip;]<\/p>\n","protected":false},"author":1,"featured_media":0,"comment_status":"closed","ping_status":"closed","sticky":false,"template":"","format":"standard","meta":{"footnotes":""},"categories":[7,5],"tags":[],"class_list":["post-2883","post","type-post","status-publish","format-standard","hentry","category-destacadas","category-noticias"],"_links":{"self":[{"href":"https:\/\/www.fvtm.org\/es\/index.php\/wp-json\/wp\/v2\/posts\/2883","targetHints":{"allow":["GET"]}}],"collection":[{"href":"https:\/\/www.fvtm.org\/es\/index.php\/wp-json\/wp\/v2\/posts"}],"about":[{"href":"https:\/\/www.fvtm.org\/es\/index.php\/wp-json\/wp\/v2\/types\/post"}],"author":[{"embeddable":true,"href":"https:\/\/www.fvtm.org\/es\/index.php\/wp-json\/wp\/v2\/users\/1"}],"replies":[{"embeddable":true,"href":"https:\/\/www.fvtm.org\/es\/index.php\/wp-json\/wp\/v2\/comments?post=2883"}],"version-history":[{"count":4,"href":"https:\/\/www.fvtm.org\/es\/index.php\/wp-json\/wp\/v2\/posts\/2883\/revisions"}],"predecessor-version":[{"id":2888,"href":"https:\/\/www.fvtm.org\/es\/index.php\/wp-json\/wp\/v2\/posts\/2883\/revisions\/2888"}],"wp:attachment":[{"href":"https:\/\/www.fvtm.org\/es\/index.php\/wp-json\/wp\/v2\/media?parent=2883"}],"wp:term":[{"taxonomy":"category","embeddable":true,"href":"https:\/\/www.fvtm.org\/es\/index.php\/wp-json\/wp\/v2\/categories?post=2883"},{"taxonomy":"post_tag","embeddable":true,"href":"https:\/\/www.fvtm.org\/es\/index.php\/wp-json\/wp\/v2\/tags?post=2883"}],"curies":[{"name":"wp","href":"https:\/\/api.w.org\/{rel}","templated":true}]}}